{"id":27120,"date":"2026-09-01T14:27:34","date_gmt":"2026-09-01T12:27:34","guid":{"rendered":"https:\/\/visualiseringscenter.se\/?p=27120"},"modified":"2026-09-01T14:27:35","modified_gmt":"2026-09-01T12:27:35","slug":"rymdlordag-pa-visualiseringscenter-c","status":"publish","type":"post","link":"https:\/\/visualiseringscenter.se\/en\/rymdlordag-pa-visualiseringscenter-c\/","title":{"rendered":"Rymdl\u00f6rdag p\u00e5 Visualiseringscenter C"},"content":{"rendered":"\n<p class=\"wp-block-paragraph\"><strong>L\u00f6rdagen den 19 september fylls Visualiseringscenter C i Norrk\u00f6ping av rymd, vetenskap och uppt\u00e4ckarlust n\u00e4r Astronomins dag och natt arrangeras runt om i Sverige. P\u00e5 Visualiseringscenter C v\u00e4ntar en hel dag med domfilmer, familjeaktiviteter och interaktiva upplevelser f\u00f6r alla som \u00e4r nyfikna p\u00e5 universum.<\/strong><\/p>\n\n\n\n<p class=\"wp-block-paragraph\">Vad finns bortom v\u00e5rt solsystem? Hur ser det ut p\u00e5 Mars? Och hur kan vi anv\u00e4nda visualisering f\u00f6r att f\u00f6rst\u00e5 det enorma universum vi \u00e4r en del av?<\/p>\n\n\n\n<p class=\"wp-block-paragraph\">Under Rymdl\u00f6rdagen p\u00e5 Visualiseringscenter C f\u00e5r bes\u00f6kare m\u00f6jlighet att utforska rymden p\u00e5 flera olika s\u00e4tt. I v\u00e5r domteater WISDOME kan publiken omslutas av universum och f\u00f6lja med p\u00e5 storslagna resor genom rymden. Under dagen visas bland annat <em>The Great Solar System Adventure<\/em>, <em>Uppdrag rymden: Marcus Wandt<\/em> och <em>Once Upon the Moon<\/em>.<\/p>\n\n\n\n<p class=\"wp-block-paragraph\">I Creative Space kan hela familjen skapa och experimentera med rymden som tema. H\u00e4r finns bland annat m\u00f6jlighet att bygga egna rymdraketer och skapa 3D-modeller. Under dagen ges \u00e4ven familjef\u00f6rest\u00e4llningen F\u00f6r den som vill utforska sj\u00e4lv finns ocks\u00e5 OpenSpace \u2013 visualiseringsprogrammet som utvecklats av Link\u00f6pings universitet och Visualiseringscenter C. H\u00e4r kan bes\u00f6kare resa genom det k\u00e4nda universum med hj\u00e4lp av verkliga vetenskapliga data och utforska allt fr\u00e5n Mars till avl\u00e4gsna exoplaneter och galaxer.<\/p>\n\n\n\n<p class=\"wp-block-paragraph\">Missa inte familjef\u00f6rest\u00e4llningen <em>En kvart i rymden<\/em>, d\u00e4r du kan bes\u00f6ka olika platser i universum under ledning av v\u00e5ra guider. <\/p>\n\n\n\n<h3 class=\"wp-block-heading\">Astronomins dag och natt<\/h3>\n\n\n\n<p class=\"wp-block-paragraph\">Astronomins dag och natt \u00e4r Sveriges \u00e5rliga astronomifestival och samlar aktiviteter f\u00f6r alla som vill uppt\u00e4cka mer om universum. Flera av aktiviteterna under Rymdl\u00f6rdagen genomf\u00f6rs i samarbete med ESERO Sverige, ett initiativ av ESA och Rymdstyrelsen som anv\u00e4nder rymden som inspiration f\u00f6r undervisning inom naturvetenskap, teknik, ingenj\u00f6rskap och matematik.<\/p>\n\n\n\n<div class=\"wp-block-buttons is-layout-flex wp-block-buttons-is-layout-flex\">\n<div class=\"wp-block-button\"><a class=\"wp-block-button__link wp-element-button\" href=\"https:\/\/visualiseringscenter.se\/besok\/?_sfm_event_end_date=19092026+19092026\">Se alla aktiviteter under Rymdl\u00f6rdag<\/a><\/div>\n<\/div>\n\n\n\n<p class=\"wp-block-paragraph\"><\/p>\n","protected":false},"excerpt":{"rendered":"<p>L\u00f6rdagen den 19 september fylls Visualiseringscenter C i Norrk\u00f6ping av rymd, vetenskap och uppt\u00e4ckarlust n\u00e4r Astronomins dag och natt arrangeras runt om i Sverige. P\u00e5 Visualiseringscenter C v\u00e4ntar en hel dag med domfilmer, familjeaktiviteter och interaktiva upplevelser f\u00f6r alla som \u00e4r nyfikna p\u00e5 universum. Vad finns bortom v\u00e5rt solsystem? Hur ser det ut p\u00e5 Mars? [&hellip;]<\/p>\n","protected":false},"author":5,"featured_media":24719,"comment_status":"closed","ping_status":"closed","sticky":false,"template":"","format":"standard","meta":{"_acf_changed":false,"footnotes":""},"categories":[1],"tags":[],"class_list":["post-27120","post","type-post","status-publish","format-standard","has-post-thumbnail","hentry","category-nyhet"],"acf":[],"yoast_head":"<!-- This site is optimized with the Yoast SEO plugin v28.3 - https:\/\/yoast.com\/product\/yoast-seo-wordpress\/ -->\n<title>Rymdl\u00f6rdag p\u00e5 Visualiseringscenter C | Visualiseringscenter C<\/title>\n<meta name=\"description\" content=\"L\u00f6rdagen den 19 september \u00e4r det rymdtema p\u00e5 Visualiseringscenter C i Norrk\u00f6ping n\u00e4r Astronomins dag och natt arrangeras runt om i Sverige. P\u00e5 Visualiseringscenter C v\u00e4ntar en hel dag med domfilmer, familjeaktiviteter och interaktiva upplevelser f\u00f6r alla som \u00e4r nyfikna p\u00e5 universum.\" \/>\n<meta name=\"robots\" content=\"index, follow, max-snippet:-1, max-image-preview:large, max-video-preview:-1\" \/>\n<link rel=\"canonical\" href=\"https:\/\/visualiseringscenter.se\/rymdlordag-pa-visualiseringscenter-c\/\" \/>\n<meta property=\"og:locale\" content=\"en_US\" \/>\n<meta property=\"og:type\" content=\"article\" \/>\n<meta property=\"og:title\" content=\"Rymdl\u00f6rdag p\u00e5 Visualiseringscenter C | Visualiseringscenter C\" \/>\n<meta property=\"og:description\" content=\"L\u00f6rdagen den 19 september \u00e4r det rymdtema p\u00e5 Visualiseringscenter C i Norrk\u00f6ping n\u00e4r Astronomins dag och natt arrangeras runt om i Sverige. P\u00e5 Visualiseringscenter C v\u00e4ntar en hel dag med domfilmer, familjeaktiviteter och interaktiva upplevelser f\u00f6r alla som \u00e4r nyfikna p\u00e5 universum.\" \/>\n<meta property=\"og:url\" content=\"https:\/\/visualiseringscenter.se\/rymdlordag-pa-visualiseringscenter-c\/\" \/>\n<meta property=\"og:site_name\" content=\"Visualiseringscenter C\" \/>\n<meta property=\"article:published_time\" content=\"2026-09-01T12:27:34+00:00\" \/>\n<meta property=\"article:modified_time\" content=\"2026-09-01T12:27:35+00:00\" \/>\n<meta property=\"og:image\" content=\"https:\/\/visualiseringscenter.se\/wp-content\/uploads\/2026\/06\/vinkandeastronaut-stillbild-scaled-e1780908642315.jpg\" \/>\n\t<meta property=\"og:image:width\" content=\"1200\" \/>\n\t<meta property=\"og:image:height\" content=\"675\" \/>\n\t<meta property=\"og:image:type\" content=\"image\/jpeg\" \/>\n<meta name=\"author\" content=\"Kristin B\" \/>\n<meta name=\"twitter:card\" content=\"summary_large_image\" \/>\n<meta name=\"twitter:label1\" content=\"Written by\" \/>\n\t<meta name=\"twitter:data1\" content=\"Kristin B\" \/>\n\t<meta name=\"twitter:label2\" content=\"Est. reading time\" \/>\n\t<meta name=\"twitter:data2\" content=\"2 minutes\" \/>\n<script type=\"application\/ld+json\" class=\"yoast-schema-graph\">{\"@context\":\"https:\\\/\\\/schema.org\",\"@graph\":[{\"@type\":\"Article\",\"@id\":\"https:\\\/\\\/visualiseringscenter.se\\\/rymdlordag-pa-visualiseringscenter-c\\\/#article\",\"isPartOf\":{\"@id\":\"https:\\\/\\\/visualiseringscenter.se\\\/rymdlordag-pa-visualiseringscenter-c\\\/\"},\"author\":{\"name\":\"Kristin B\",\"@id\":\"https:\\\/\\\/visualiseringscenter.se\\\/#\\\/schema\\\/person\\\/6c6ca639975f75e66dcab88541668db7\"},\"headline\":\"Rymdl\u00f6rdag p\u00e5 Visualiseringscenter C\",\"datePublished\":\"2026-09-01T12:27:34+00:00\",\"dateModified\":\"2026-09-01T12:27:35+00:00\",\"mainEntityOfPage\":{\"@id\":\"https:\\\/\\\/visualiseringscenter.se\\\/rymdlordag-pa-visualiseringscenter-c\\\/\"},\"wordCount\":320,\"publisher\":{\"@id\":\"https:\\\/\\\/visualiseringscenter.se\\\/#organization\"},\"image\":{\"@id\":\"https:\\\/\\\/visualiseringscenter.se\\\/rymdlordag-pa-visualiseringscenter-c\\\/#primaryimage\"},\"thumbnailUrl\":\"https:\\\/\\\/visualiseringscenter.se\\\/wp-content\\\/uploads\\\/2026\\\/06\\\/vinkandeastronaut-stillbild-scaled-e1780908642315.jpg\",\"articleSection\":[\"Nyhet\"],\"inLanguage\":\"en-US\"},{\"@type\":\"WebPage\",\"@id\":\"https:\\\/\\\/visualiseringscenter.se\\\/rymdlordag-pa-visualiseringscenter-c\\\/\",\"url\":\"https:\\\/\\\/visualiseringscenter.se\\\/rymdlordag-pa-visualiseringscenter-c\\\/\",\"name\":\"Rymdl\u00f6rdag p\u00e5 Visualiseringscenter C | Visualiseringscenter C\",\"isPartOf\":{\"@id\":\"https:\\\/\\\/visualiseringscenter.se\\\/#website\"},\"primaryImageOfPage\":{\"@id\":\"https:\\\/\\\/visualiseringscenter.se\\\/rymdlordag-pa-visualiseringscenter-c\\\/#primaryimage\"},\"image\":{\"@id\":\"https:\\\/\\\/visualiseringscenter.se\\\/rymdlordag-pa-visualiseringscenter-c\\\/#primaryimage\"},\"thumbnailUrl\":\"https:\\\/\\\/visualiseringscenter.se\\\/wp-content\\\/uploads\\\/2026\\\/06\\\/vinkandeastronaut-stillbild-scaled-e1780908642315.jpg\",\"datePublished\":\"2026-09-01T12:27:34+00:00\",\"dateModified\":\"2026-09-01T12:27:35+00:00\",\"description\":\"L\u00f6rdagen den 19 september \u00e4r det rymdtema p\u00e5 Visualiseringscenter C i Norrk\u00f6ping n\u00e4r Astronomins dag och natt arrangeras runt om i Sverige. P\u00e5 Visualiseringscenter C v\u00e4ntar en hel dag med domfilmer, familjeaktiviteter och interaktiva upplevelser f\u00f6r alla som \u00e4r nyfikna p\u00e5 universum.\",\"inLanguage\":\"en-US\",\"potentialAction\":[{\"@type\":\"ReadAction\",\"target\":[\"https:\\\/\\\/visualiseringscenter.se\\\/rymdlordag-pa-visualiseringscenter-c\\\/\"]}]},{\"@type\":\"ImageObject\",\"inLanguage\":\"en-US\",\"@id\":\"https:\\\/\\\/visualiseringscenter.se\\\/rymdlordag-pa-visualiseringscenter-c\\\/#primaryimage\",\"url\":\"https:\\\/\\\/visualiseringscenter.se\\\/wp-content\\\/uploads\\\/2026\\\/06\\\/vinkandeastronaut-stillbild-scaled-e1780908642315.jpg\",\"contentUrl\":\"https:\\\/\\\/visualiseringscenter.se\\\/wp-content\\\/uploads\\\/2026\\\/06\\\/vinkandeastronaut-stillbild-scaled-e1780908642315.jpg\",\"width\":1200,\"height\":675},{\"@type\":\"WebSite\",\"@id\":\"https:\\\/\\\/visualiseringscenter.se\\\/#website\",\"url\":\"https:\\\/\\\/visualiseringscenter.se\\\/\",\"name\":\"Visualiceringscenter C\",\"description\":\"En m\u00f6tesplats kring visualisering f\u00f6r forskning, n\u00e4ringsliv, allm\u00e4nhet och skola\",\"publisher\":{\"@id\":\"https:\\\/\\\/visualiseringscenter.se\\\/#organization\"},\"potentialAction\":[{\"@type\":\"SearchAction\",\"target\":{\"@type\":\"EntryPoint\",\"urlTemplate\":\"https:\\\/\\\/visualiseringscenter.se\\\/?s={search_term_string}\"},\"query-input\":{\"@type\":\"PropertyValueSpecification\",\"valueRequired\":true,\"valueName\":\"search_term_string\"}}],\"inLanguage\":\"en-US\"},{\"@type\":\"Organization\",\"@id\":\"https:\\\/\\\/visualiseringscenter.se\\\/#organization\",\"name\":\"Visualiseringscenter C\",\"url\":\"https:\\\/\\\/visualiseringscenter.se\\\/\",\"logo\":{\"@type\":\"ImageObject\",\"inLanguage\":\"en-US\",\"@id\":\"https:\\\/\\\/visualiseringscenter.se\\\/#\\\/schema\\\/logo\\\/image\\\/\",\"url\":\"https:\\\/\\\/visualiseringscenter.se\\\/wp-content\\\/uploads\\\/2024\\\/03\\\/logo_small.png\",\"contentUrl\":\"https:\\\/\\\/visualiseringscenter.se\\\/wp-content\\\/uploads\\\/2024\\\/03\\\/logo_small.png\",\"width\":713,\"height\":735,\"caption\":\"Visualiseringscenter C\"},\"image\":{\"@id\":\"https:\\\/\\\/visualiseringscenter.se\\\/#\\\/schema\\\/logo\\\/image\\\/\"}},{\"@type\":\"Person\",\"@id\":\"https:\\\/\\\/visualiseringscenter.se\\\/#\\\/schema\\\/person\\\/6c6ca639975f75e66dcab88541668db7\",\"name\":\"Kristin B\",\"image\":{\"@type\":\"ImageObject\",\"inLanguage\":\"en-US\",\"@id\":\"https:\\\/\\\/secure.gravatar.com\\\/avatar\\\/24cdb6a8e794f584c3ae09e5c09b86ded192e642016fd1ef10b1bcdc68b27a27?s=96&d=mm&r=g\",\"url\":\"https:\\\/\\\/secure.gravatar.com\\\/avatar\\\/24cdb6a8e794f584c3ae09e5c09b86ded192e642016fd1ef10b1bcdc68b27a27?s=96&d=mm&r=g\",\"contentUrl\":\"https:\\\/\\\/secure.gravatar.com\\\/avatar\\\/24cdb6a8e794f584c3ae09e5c09b86ded192e642016fd1ef10b1bcdc68b27a27?s=96&d=mm&r=g\",\"caption\":\"Kristin B\"}}]}<\/script>\n<!-- \/ Yoast SEO plugin. -->","yoast_head_json":{"title":"Rymdl\u00f6rdag p\u00e5 Visualiseringscenter C | Visualiseringscenter C","description":"L\u00f6rdagen den 19 september \u00e4r det rymdtema p\u00e5 Visualiseringscenter C i Norrk\u00f6ping n\u00e4r Astronomins dag och natt arrangeras runt om i Sverige. P\u00e5 Visualiseringscenter C v\u00e4ntar en hel dag med domfilmer, familjeaktiviteter och interaktiva upplevelser f\u00f6r alla som \u00e4r nyfikna p\u00e5 universum.","robots":{"index":"index","follow":"follow","max-snippet":"max-snippet:-1","max-image-preview":"max-image-preview:large","max-video-preview":"max-video-preview:-1"},"canonical":"https:\/\/visualiseringscenter.se\/rymdlordag-pa-visualiseringscenter-c\/","og_locale":"en_US","og_type":"article","og_title":"Rymdl\u00f6rdag p\u00e5 Visualiseringscenter C | Visualiseringscenter C","og_description":"L\u00f6rdagen den 19 september \u00e4r det rymdtema p\u00e5 Visualiseringscenter C i Norrk\u00f6ping n\u00e4r Astronomins dag och natt arrangeras runt om i Sverige. P\u00e5 Visualiseringscenter C v\u00e4ntar en hel dag med domfilmer, familjeaktiviteter och interaktiva upplevelser f\u00f6r alla som \u00e4r nyfikna p\u00e5 universum.","og_url":"https:\/\/visualiseringscenter.se\/rymdlordag-pa-visualiseringscenter-c\/","og_site_name":"Visualiseringscenter C","article_published_time":"2026-09-01T12:27:34+00:00","article_modified_time":"2026-09-01T12:27:35+00:00","og_image":[{"width":1200,"height":675,"url":"https:\/\/visualiseringscenter.se\/wp-content\/uploads\/2026\/06\/vinkandeastronaut-stillbild-scaled-e1780908642315.jpg","type":"image\/jpeg"}],"author":"Kristin B","twitter_card":"summary_large_image","twitter_misc":{"Written by":"Kristin B","Est. reading time":"2 minutes"},"schema":{"@context":"https:\/\/schema.org","@graph":[{"@type":"Article","@id":"https:\/\/visualiseringscenter.se\/rymdlordag-pa-visualiseringscenter-c\/#article","isPartOf":{"@id":"https:\/\/visualiseringscenter.se\/rymdlordag-pa-visualiseringscenter-c\/"},"author":{"name":"Kristin B","@id":"https:\/\/visualiseringscenter.se\/#\/schema\/person\/6c6ca639975f75e66dcab88541668db7"},"headline":"Rymdl\u00f6rdag p\u00e5 Visualiseringscenter C","datePublished":"2026-09-01T12:27:34+00:00","dateModified":"2026-09-01T12:27:35+00:00","mainEntityOfPage":{"@id":"https:\/\/visualiseringscenter.se\/rymdlordag-pa-visualiseringscenter-c\/"},"wordCount":320,"publisher":{"@id":"https:\/\/visualiseringscenter.se\/#organization"},"image":{"@id":"https:\/\/visualiseringscenter.se\/rymdlordag-pa-visualiseringscenter-c\/#primaryimage"},"thumbnailUrl":"https:\/\/visualiseringscenter.se\/wp-content\/uploads\/2026\/06\/vinkandeastronaut-stillbild-scaled-e1780908642315.jpg","articleSection":["Nyhet"],"inLanguage":"en-US"},{"@type":"WebPage","@id":"https:\/\/visualiseringscenter.se\/rymdlordag-pa-visualiseringscenter-c\/","url":"https:\/\/visualiseringscenter.se\/rymdlordag-pa-visualiseringscenter-c\/","name":"Rymdl\u00f6rdag p\u00e5 Visualiseringscenter C | Visualiseringscenter C","isPartOf":{"@id":"https:\/\/visualiseringscenter.se\/#website"},"primaryImageOfPage":{"@id":"https:\/\/visualiseringscenter.se\/rymdlordag-pa-visualiseringscenter-c\/#primaryimage"},"image":{"@id":"https:\/\/visualiseringscenter.se\/rymdlordag-pa-visualiseringscenter-c\/#primaryimage"},"thumbnailUrl":"https:\/\/visualiseringscenter.se\/wp-content\/uploads\/2026\/06\/vinkandeastronaut-stillbild-scaled-e1780908642315.jpg","datePublished":"2026-09-01T12:27:34+00:00","dateModified":"2026-09-01T12:27:35+00:00","description":"L\u00f6rdagen den 19 september \u00e4r det rymdtema p\u00e5 Visualiseringscenter C i Norrk\u00f6ping n\u00e4r Astronomins dag och natt arrangeras runt om i Sverige. P\u00e5 Visualiseringscenter C v\u00e4ntar en hel dag med domfilmer, familjeaktiviteter och interaktiva upplevelser f\u00f6r alla som \u00e4r nyfikna p\u00e5 universum.","inLanguage":"en-US","potentialAction":[{"@type":"ReadAction","target":["https:\/\/visualiseringscenter.se\/rymdlordag-pa-visualiseringscenter-c\/"]}]},{"@type":"ImageObject","inLanguage":"en-US","@id":"https:\/\/visualiseringscenter.se\/rymdlordag-pa-visualiseringscenter-c\/#primaryimage","url":"https:\/\/visualiseringscenter.se\/wp-content\/uploads\/2026\/06\/vinkandeastronaut-stillbild-scaled-e1780908642315.jpg","contentUrl":"https:\/\/visualiseringscenter.se\/wp-content\/uploads\/2026\/06\/vinkandeastronaut-stillbild-scaled-e1780908642315.jpg","width":1200,"height":675},{"@type":"WebSite","@id":"https:\/\/visualiseringscenter.se\/#website","url":"https:\/\/visualiseringscenter.se\/","name":"Visualiceringscenter C","description":"En m\u00f6tesplats kring visualisering f\u00f6r forskning, n\u00e4ringsliv, allm\u00e4nhet och skola","publisher":{"@id":"https:\/\/visualiseringscenter.se\/#organization"},"potentialAction":[{"@type":"SearchAction","target":{"@type":"EntryPoint","urlTemplate":"https:\/\/visualiseringscenter.se\/?s={search_term_string}"},"query-input":{"@type":"PropertyValueSpecification","valueRequired":true,"valueName":"search_term_string"}}],"inLanguage":"en-US"},{"@type":"Organization","@id":"https:\/\/visualiseringscenter.se\/#organization","name":"Visualiseringscenter C","url":"https:\/\/visualiseringscenter.se\/","logo":{"@type":"ImageObject","inLanguage":"en-US","@id":"https:\/\/visualiseringscenter.se\/#\/schema\/logo\/image\/","url":"https:\/\/visualiseringscenter.se\/wp-content\/uploads\/2024\/03\/logo_small.png","contentUrl":"https:\/\/visualiseringscenter.se\/wp-content\/uploads\/2024\/03\/logo_small.png","width":713,"height":735,"caption":"Visualiseringscenter C"},"image":{"@id":"https:\/\/visualiseringscenter.se\/#\/schema\/logo\/image\/"}},{"@type":"Person","@id":"https:\/\/visualiseringscenter.se\/#\/schema\/person\/6c6ca639975f75e66dcab88541668db7","name":"Kristin B","image":{"@type":"ImageObject","inLanguage":"en-US","@id":"https:\/\/secure.gravatar.com\/avatar\/24cdb6a8e794f584c3ae09e5c09b86ded192e642016fd1ef10b1bcdc68b27a27?s=96&d=mm&r=g","url":"https:\/\/secure.gravatar.com\/avatar\/24cdb6a8e794f584c3ae09e5c09b86ded192e642016fd1ef10b1bcdc68b27a27?s=96&d=mm&r=g","contentUrl":"https:\/\/secure.gravatar.com\/avatar\/24cdb6a8e794f584c3ae09e5c09b86ded192e642016fd1ef10b1bcdc68b27a27?s=96&d=mm&r=g","caption":"Kristin B"}}]}},"_links":{"self":[{"href":"https:\/\/visualiseringscenter.se\/en\/wp-json\/wp\/v2\/posts\/27120","targetHints":{"allow":["GET"]}}],"collection":[{"href":"https:\/\/visualiseringscenter.se\/en\/wp-json\/wp\/v2\/posts"}],"about":[{"href":"https:\/\/visualiseringscenter.se\/en\/wp-json\/wp\/v2\/types\/post"}],"author":[{"embeddable":true,"href":"https:\/\/visualiseringscenter.se\/en\/wp-json\/wp\/v2\/users\/5"}],"replies":[{"embeddable":true,"href":"https:\/\/visualiseringscenter.se\/en\/wp-json\/wp\/v2\/comments?post=27120"}],"version-history":[{"count":3,"href":"https:\/\/visualiseringscenter.se\/en\/wp-json\/wp\/v2\/posts\/27120\/revisions"}],"predecessor-version":[{"id":27123,"href":"https:\/\/visualiseringscenter.se\/en\/wp-json\/wp\/v2\/posts\/27120\/revisions\/27123"}],"wp:featuredmedia":[{"embeddable":true,"href":"https:\/\/visualiseringscenter.se\/en\/wp-json\/wp\/v2\/media\/24719"}],"wp:attachment":[{"href":"https:\/\/visualiseringscenter.se\/en\/wp-json\/wp\/v2\/media?parent=27120"}],"wp:term":[{"taxonomy":"category","embeddable":true,"href":"https:\/\/visualiseringscenter.se\/en\/wp-json\/wp\/v2\/categories?post=27120"},{"taxonomy":"post_tag","embeddable":true,"href":"https:\/\/visualiseringscenter.se\/en\/wp-json\/wp\/v2\/tags?post=27120"}],"curies":[{"name":"wp","href":"https:\/\/api.w.org\/{rel}","templated":true}]}}