
{"id":7355,"date":"2024-08-27T15:39:01","date_gmt":"2024-08-27T13:39:01","guid":{"rendered":"https:\/\/visualiseringscenter.se\/?p=7355"},"modified":"2024-08-27T16:32:53","modified_gmt":"2024-08-27T14:32:53","slug":"astronauterna-har-gjort-ytterligare-en-rymdresa-tillsammans-i-norrkoping","status":"publish","type":"post","link":"https:\/\/visualiseringscenter.se\/en\/pressmeddelanden\/astronauterna-har-gjort-ytterligare-en-rymdresa-tillsammans-i-norrkoping\/","title":{"rendered":"Astronauterna har gjort ytterligare en rymdresa tillsammans \u2013 i Norrk\u00f6ping"},"content":{"rendered":"\n<p class=\"is-style-ingress\">Den 18 januari 2024 markerade ett historiskt \u00f6gonblick n\u00e4r rymdfarkosten Axiom Mission 3 sk\u00f6ts upp fr\u00e5n Kennedy Space Center i Florida. Ombord fanns Marcus Wandt, Michael L\u00f3pez-Alegr\u00eda, Walter Villadei och Alper Gezeravc\u0131 p\u00e5 v\u00e4g mot Internationella rymdstationen (ISS). Idag reste bes\u00e4ttningen i st\u00e4llet till Norrk\u00f6pings Visualiseringscenter C, f\u00f6r att dela med sig av sina uppt\u00e4ckter, uppleva visualiseringens kraft och ge svar p\u00e5 elevers fr\u00e5gor om hur man duschar p\u00e5 ISS, om man f\u00e5r bensk\u00f6rhet av att vara l\u00e4nge i rymden och vem som egentligen styr raketen.&nbsp;<\/p>\n\n\n\n<p>Idag landade Rymdstyrelsen och bes\u00e4ttningen fr\u00e5n Axiom Mission 3 p\u00e5 Norrk\u00f6pings Visualiseringscenter C. Under bes\u00f6ket fylldes samtidigt domteatern Wisdome Norrk\u00f6ping med gymnasieungdomar fr\u00e5n Ebersteinska Gymnasiet i Norrk\u00f6ping. Tillsammans med astronauterna fick de l\u00e4mna jorden, \u00e5teruppleva deras resa och ta del av<strong> <\/strong>de forskningsexperiment som gjordes under uppdraget. Publiken satt nyfiket och lyssnade till bes\u00e4ttningens inspirerande svar p\u00e5 fr\u00e5gor fr\u00e5n eleverna sj\u00e4lva och chefsutvecklare Alexander Bock, som guidade astronauter och publik under den datadrivna rymdf\u00e4rden genom mjukvaran OpenSpace.<\/p>\n\n\n\n<blockquote class=\"wp-block-quote is-layout-flow wp-block-quote-is-layout-flow\">\n<p><em>\u201cWhen you&#8217;re in the dome you get the same feeling as when you first get into the space station, you get kind of disoriented at first before you get used to it\u201d<\/em><\/p>\n<cite>Walter Villadei, om bes\u00f6ket av ISS genom OpenSpace<\/cite><\/blockquote>\n\n\n\n<div class=\"wp-block-group is-style-narrow\"><div class=\"wp-block-group__inner-container is-layout-constrained wp-block-group-is-layout-constrained\">\n<figure class=\"wp-block-image size-large\"><img loading=\"lazy\" decoding=\"async\" width=\"1024\" height=\"577\" src=\"https:\/\/visualiseringscenter.se\/wp-content\/uploads\/2024\/08\/VisualiseringscenterC_Foto_JonasHolmqvist-1-1024x577.png\" alt=\"\" class=\"wp-image-7359\" srcset=\"https:\/\/visualiseringscenter.se\/wp-content\/uploads\/2024\/08\/VisualiseringscenterC_Foto_JonasHolmqvist-1-1024x577.png 1024w, https:\/\/visualiseringscenter.se\/wp-content\/uploads\/2024\/08\/VisualiseringscenterC_Foto_JonasHolmqvist-1-300x169.png 300w, https:\/\/visualiseringscenter.se\/wp-content\/uploads\/2024\/08\/VisualiseringscenterC_Foto_JonasHolmqvist-1-768x432.png 768w, https:\/\/visualiseringscenter.se\/wp-content\/uploads\/2024\/08\/VisualiseringscenterC_Foto_JonasHolmqvist-1-1536x865.png 1536w, https:\/\/visualiseringscenter.se\/wp-content\/uploads\/2024\/08\/VisualiseringscenterC_Foto_JonasHolmqvist-1-600x338.png 600w, https:\/\/visualiseringscenter.se\/wp-content\/uploads\/2024\/08\/VisualiseringscenterC_Foto_JonasHolmqvist-1.png 2000w\" sizes=\"auto, (max-width: 1024px) 100vw, 1024px\" \/><\/figure>\n<\/div><\/div>\n\n\n\n<p>I OpenSpace, som utvecklats p\u00e5 Link\u00f6pings Universitet och finansieras av NASA m.fl, visualiseras hela det k\u00e4nda universum. Med hj\u00e4lp av OpenSpace kan vi ta med publiken p\u00e5 en resa ut i rymden \u2013 som ofta leder till hisnande k\u00e4nslor och stora tankar. Detta fick Marcus Wandt sj\u00e4lv uppleva under sitt bes\u00f6k i Wisdome Norrk\u00f6ping den 30 maj, och v\u00e4ljer nu att \u00e5terkomma tillsammans med Rymdstyrelsen och resten av Axiom Mission 3-bes\u00e4ttningen, under deras bes\u00f6k i Sverige. Detta med bakgrund i Visualiseringscenter C:s l\u00e5ngsiktiga och m\u00e5ng\u00e5riga arbete kring att visualisera rymden i unika upplevelser.<\/p>\n\n\n\n<p>Under dagens bes\u00f6k fick bes\u00e4ttningen \u00e4ven f\u00f6rdjupat ta del av arbetet inom Visualiseringscenter C, den forskning och den innovativa kompetens\u00f6verf\u00f6ring till samh\u00e4llet som bedrivs fr\u00e5n Campus Norrk\u00f6ping. De fick ocks\u00e5 vidare guidning i mjukvaran OpenSpace tillsammans med professor och grundare Anders Ynnerman och teamet p\u00e5 Visualiseringscenter C som arbetar med forskning och till\u00e4mpning, f\u00f6r att f\u00f6rst\u00e5 och diskutera visualisering och dess kraft.<\/p>\n\n\n\n<blockquote class=\"wp-block-quote is-layout-flow wp-block-quote-is-layout-flow\">\n<p><em>\u201c<em>Att ta med astronauter ut i rymden och imponera dem \u00e4r en utmaning. &nbsp;Men n\u00e4r vi landar virtuellt p\u00e5 m\u00e5nen och mars eller reser ut bland galaxerna k\u00e4nner alla av universums storhet och v\u00e5r existens p\u00e5 en liten och sk\u00f6r planet.<\/em>\u201d<\/em><\/p>\n<cite>&#8211; Anders Ynnerman, professor p\u00e5 Link\u00f6pings Universitet och grundare av Visualiseringscenter C<\/cite><\/blockquote>\n\n\n\n<h5 class=\"wp-block-heading\"><strong>Om Axiom Mission 3<\/strong><\/h5>\n\n\n\n<p>Aximon Mission 3 (Ax-3) kallas rymdf\u00e4rden som gjordes med en Dragon 2-rymdfarkost fr\u00e5n SpaceX, den 18 januari 2024. Uppskjutet skedde fr\u00e5n Kennedy Space Center. Bes\u00e4ttningen anl\u00e4nde till den Internationella Rymdstationen (ISS) ca 36 timmar senare, den 20 januari, och p\u00e5b\u00f6rjade hemresan igen den 7 februari 2024.<\/p>\n\n\n\n<p>I bes\u00e4ttningen fanns Michael L\u00f3pez-Alegr\u00eda (USA\/Spanien) som bef\u00e4lhavare och Walter Villadei (Italien) som pilot, tillsammans med flygingenj\u00f6rerna Alper Gezeravc\u0131 (Turkiet) och Marcus Wandt (Sverige), som b\u00e5da gjorde sina f\u00f6rsta rymdresor under Ax-3.&nbsp;<\/p>\n\n\n\n<h5 class=\"wp-block-heading\"><strong>Om Visualiseringscenter C<\/strong><\/h5>\n\n\n\n<p>Visualiseringscenter C \u00e4r ett konsortium som best\u00e5r av Link\u00f6pings Universitet, Norrk\u00f6ping Visualisering AB, Cnema och Norrk\u00f6ping Science Park. Centret \u00e4r en m\u00f6tesplats som uppvisar en unik blandning av ledande forskning, publik verksamhet och samverkan med samh\u00e4llet i en historisk milj\u00f6 med &nbsp;spetsteknologisk h\u00e5rd- och mjukvara.<\/p>\n\n\n\n<p>Den \u00f6vergripande visionen \u00e4r att vara ett v\u00e4rldsunikt centrum f\u00f6r visualisering och medial gestaltning d\u00e4r ny teknik, nya till\u00e4mpningar och produktioner skapas genom excellens och samverkan i en \u00f6ppen och kreativ milj\u00f6 som attraherar s\u00e5v\u00e4l forskning som n\u00e4ringsliv och en allm\u00e4n publik.<\/p>\n\n\n\n<h3 class=\"wp-block-heading\"><strong>Kontakt och mer information<\/strong><\/h3>\n\n\n\n<p><strong>Lisa Lindgren, VD<\/strong><\/p>\n\n\n\n<p>lisa.lindgren@visualiseringscenter.se<\/p>\n\n\n\n<p>011-15 63 10<\/p>\n\n\n\n<p><strong>Amanda Lagerqvist, Marknads- &amp; kommunikationsansvarig<\/strong><\/p>\n\n\n\n<p>amanda.lagerqvist@visualiseringscenter.se<\/p>\n\n\n\n<p>011-15 63 04<\/p>\n","protected":false},"excerpt":{"rendered":"<p>Den 18 januari 2024 markerade ett historiskt \u00f6gonblick n\u00e4r rymdfarkosten Axiom Mission 3 sk\u00f6ts upp fr\u00e5n Kennedy Space Center i Florida. Ombord fanns Marcus Wandt, Michael L\u00f3pez-Alegr\u00eda, Walter Villadei och Alper Gezeravc\u0131 p\u00e5 v\u00e4g mot Internationella rymdstationen (ISS). Idag reste bes\u00e4ttningen i st\u00e4llet till Norrk\u00f6pings Visualiseringscenter C, f\u00f6r att dela med sig av sina uppt\u00e4ckter, [&hellip;]<\/p>\n","protected":false},"author":4,"featured_media":7371,"comment_status":"closed","ping_status":"closed","sticky":false,"template":"","format":"standard","meta":{"_acf_changed":false,"footnotes":""},"categories":[22],"tags":[],"class_list":["post-7355","post","type-post","status-publish","format-standard","has-post-thumbnail","hentry","category-pressmeddelande"],"acf":[],"yoast_head":"<!-- This site is optimized with the Yoast SEO plugin v27.1.1 - https:\/\/yoast.com\/product\/yoast-seo-wordpress\/ -->\n<title>Astronauterna har gjort ytterligare en rymdresa tillsammans \u2013 i Norrk\u00f6ping | Visualiseringscenter C<\/title>\n<meta name=\"robots\" content=\"index, follow, max-snippet:-1, max-image-preview:large, max-video-preview:-1\" \/>\n<link rel=\"canonical\" href=\"https:\/\/visualiseringscenter.se\/pressmeddelanden\/astronauterna-har-gjort-ytterligare-en-rymdresa-tillsammans-i-norrkoping\/\" \/>\n<meta property=\"og:locale\" content=\"en_US\" \/>\n<meta property=\"og:type\" content=\"article\" \/>\n<meta property=\"og:title\" content=\"Astronauterna har gjort ytterligare en rymdresa tillsammans \u2013 i Norrk\u00f6ping | Visualiseringscenter C\" \/>\n<meta property=\"og:description\" content=\"Den 18 januari 2024 markerade ett historiskt \u00f6gonblick n\u00e4r rymdfarkosten Axiom Mission 3 sk\u00f6ts upp fr\u00e5n Kennedy Space Center i Florida. Ombord fanns Marcus Wandt, Michael L\u00f3pez-Alegr\u00eda, Walter Villadei och Alper Gezeravc\u0131 p\u00e5 v\u00e4g mot Internationella rymdstationen (ISS). Idag reste bes\u00e4ttningen i st\u00e4llet till Norrk\u00f6pings Visualiseringscenter C, f\u00f6r att dela med sig av sina uppt\u00e4ckter, [&hellip;]\" \/>\n<meta property=\"og:url\" content=\"https:\/\/visualiseringscenter.se\/pressmeddelanden\/astronauterna-har-gjort-ytterligare-en-rymdresa-tillsammans-i-norrkoping\/\" \/>\n<meta property=\"og:site_name\" content=\"Visualiseringscenter C\" \/>\n<meta property=\"article:published_time\" content=\"2024-08-27T13:39:01+00:00\" \/>\n<meta property=\"article:modified_time\" content=\"2024-08-27T14:32:53+00:00\" \/>\n<meta property=\"og:image\" content=\"https:\/\/visualiseringscenter.se\/wp-content\/uploads\/2024\/08\/Visualiseringscenter_C_Foto_JonasHolmqvist_2-scaled.jpg\" \/>\n\t<meta property=\"og:image:width\" content=\"2560\" \/>\n\t<meta property=\"og:image:height\" content=\"1441\" \/>\n\t<meta property=\"og:image:type\" content=\"image\/jpeg\" \/>\n<meta name=\"author\" content=\"Amanda L\" \/>\n<meta name=\"twitter:card\" content=\"summary_large_image\" \/>\n<meta name=\"twitter:label1\" content=\"Written by\" \/>\n\t<meta name=\"twitter:data1\" content=\"Amanda L\" \/>\n\t<meta name=\"twitter:label2\" content=\"Est. reading time\" \/>\n\t<meta name=\"twitter:data2\" content=\"3 minutes\" \/>\n<script type=\"application\/ld+json\" class=\"yoast-schema-graph\">{\"@context\":\"https:\/\/schema.org\",\"@graph\":[{\"@type\":\"Article\",\"@id\":\"https:\/\/visualiseringscenter.se\/pressmeddelanden\/astronauterna-har-gjort-ytterligare-en-rymdresa-tillsammans-i-norrkoping\/#article\",\"isPartOf\":{\"@id\":\"https:\/\/visualiseringscenter.se\/pressmeddelanden\/astronauterna-har-gjort-ytterligare-en-rymdresa-tillsammans-i-norrkoping\/\"},\"author\":{\"name\":\"Amanda L\",\"@id\":\"https:\/\/visualiseringscenter.se\/#\/schema\/person\/db1ac4c362265f570c8e7193d3f39a88\"},\"headline\":\"Astronauterna har gjort ytterligare en rymdresa tillsammans \u2013 i Norrk\u00f6ping\",\"datePublished\":\"2024-08-27T13:39:01+00:00\",\"dateModified\":\"2024-08-27T14:32:53+00:00\",\"mainEntityOfPage\":{\"@id\":\"https:\/\/visualiseringscenter.se\/pressmeddelanden\/astronauterna-har-gjort-ytterligare-en-rymdresa-tillsammans-i-norrkoping\/\"},\"wordCount\":697,\"publisher\":{\"@id\":\"https:\/\/visualiseringscenter.se\/#organization\"},\"image\":{\"@id\":\"https:\/\/visualiseringscenter.se\/pressmeddelanden\/astronauterna-har-gjort-ytterligare-en-rymdresa-tillsammans-i-norrkoping\/#primaryimage\"},\"thumbnailUrl\":\"https:\/\/visualiseringscenter.se\/wp-content\/uploads\/2024\/08\/Visualiseringscenter_C_Foto_JonasHolmqvist_2-scaled.jpg\",\"articleSection\":[\"Pressmeddelande\"],\"inLanguage\":\"en-US\"},{\"@type\":\"WebPage\",\"@id\":\"https:\/\/visualiseringscenter.se\/pressmeddelanden\/astronauterna-har-gjort-ytterligare-en-rymdresa-tillsammans-i-norrkoping\/\",\"url\":\"https:\/\/visualiseringscenter.se\/pressmeddelanden\/astronauterna-har-gjort-ytterligare-en-rymdresa-tillsammans-i-norrkoping\/\",\"name\":\"Astronauterna har gjort ytterligare en rymdresa tillsammans \u2013 i Norrk\u00f6ping | Visualiseringscenter C\",\"isPartOf\":{\"@id\":\"https:\/\/visualiseringscenter.se\/#website\"},\"primaryImageOfPage\":{\"@id\":\"https:\/\/visualiseringscenter.se\/pressmeddelanden\/astronauterna-har-gjort-ytterligare-en-rymdresa-tillsammans-i-norrkoping\/#primaryimage\"},\"image\":{\"@id\":\"https:\/\/visualiseringscenter.se\/pressmeddelanden\/astronauterna-har-gjort-ytterligare-en-rymdresa-tillsammans-i-norrkoping\/#primaryimage\"},\"thumbnailUrl\":\"https:\/\/visualiseringscenter.se\/wp-content\/uploads\/2024\/08\/Visualiseringscenter_C_Foto_JonasHolmqvist_2-scaled.jpg\",\"datePublished\":\"2024-08-27T13:39:01+00:00\",\"dateModified\":\"2024-08-27T14:32:53+00:00\",\"inLanguage\":\"en-US\",\"potentialAction\":[{\"@type\":\"ReadAction\",\"target\":[\"https:\/\/visualiseringscenter.se\/pressmeddelanden\/astronauterna-har-gjort-ytterligare-en-rymdresa-tillsammans-i-norrkoping\/\"]}]},{\"@type\":\"ImageObject\",\"inLanguage\":\"en-US\",\"@id\":\"https:\/\/visualiseringscenter.se\/pressmeddelanden\/astronauterna-har-gjort-ytterligare-en-rymdresa-tillsammans-i-norrkoping\/#primaryimage\",\"url\":\"https:\/\/visualiseringscenter.se\/wp-content\/uploads\/2024\/08\/Visualiseringscenter_C_Foto_JonasHolmqvist_2-scaled.jpg\",\"contentUrl\":\"https:\/\/visualiseringscenter.se\/wp-content\/uploads\/2024\/08\/Visualiseringscenter_C_Foto_JonasHolmqvist_2-scaled.jpg\",\"width\":2560,\"height\":1441},{\"@type\":\"WebSite\",\"@id\":\"https:\/\/visualiseringscenter.se\/#website\",\"url\":\"https:\/\/visualiseringscenter.se\/\",\"name\":\"Visualiceringscenter C\",\"description\":\"En m\u00f6tesplats kring visualisering f\u00f6r forskning, n\u00e4ringsliv, allm\u00e4nhet och skola\",\"publisher\":{\"@id\":\"https:\/\/visualiseringscenter.se\/#organization\"},\"potentialAction\":[{\"@type\":\"SearchAction\",\"target\":{\"@type\":\"EntryPoint\",\"urlTemplate\":\"https:\/\/visualiseringscenter.se\/?s={search_term_string}\"},\"query-input\":{\"@type\":\"PropertyValueSpecification\",\"valueRequired\":true,\"valueName\":\"search_term_string\"}}],\"inLanguage\":\"en-US\"},{\"@type\":\"Organization\",\"@id\":\"https:\/\/visualiseringscenter.se\/#organization\",\"name\":\"Visualiseringscenter C\",\"url\":\"https:\/\/visualiseringscenter.se\/\",\"logo\":{\"@type\":\"ImageObject\",\"inLanguage\":\"en-US\",\"@id\":\"https:\/\/visualiseringscenter.se\/#\/schema\/logo\/image\/\",\"url\":\"https:\/\/visualiseringscenter.se\/wp-content\/uploads\/2024\/03\/logo_small.png\",\"contentUrl\":\"https:\/\/visualiseringscenter.se\/wp-content\/uploads\/2024\/03\/logo_small.png\",\"width\":713,\"height\":735,\"caption\":\"Visualiseringscenter C\"},\"image\":{\"@id\":\"https:\/\/visualiseringscenter.se\/#\/schema\/logo\/image\/\"}},{\"@type\":\"Person\",\"@id\":\"https:\/\/visualiseringscenter.se\/#\/schema\/person\/db1ac4c362265f570c8e7193d3f39a88\",\"name\":\"Amanda L\",\"image\":{\"@type\":\"ImageObject\",\"inLanguage\":\"en-US\",\"@id\":\"https:\/\/visualiseringscenter.se\/#\/schema\/person\/image\/\",\"url\":\"https:\/\/secure.gravatar.com\/avatar\/c138c175bb6211dc2e8c18ce9af9a23639cc464bebf1efa1292b07a4a86f8df0?s=96&d=mm&r=g\",\"contentUrl\":\"https:\/\/secure.gravatar.com\/avatar\/c138c175bb6211dc2e8c18ce9af9a23639cc464bebf1efa1292b07a4a86f8df0?s=96&d=mm&r=g\",\"caption\":\"Amanda L\"}}]}<\/script>\n<!-- \/ Yoast SEO plugin. -->","yoast_head_json":{"title":"Astronauterna har gjort ytterligare en rymdresa tillsammans \u2013 i Norrk\u00f6ping | Visualiseringscenter C","robots":{"index":"index","follow":"follow","max-snippet":"max-snippet:-1","max-image-preview":"max-image-preview:large","max-video-preview":"max-video-preview:-1"},"canonical":"https:\/\/visualiseringscenter.se\/pressmeddelanden\/astronauterna-har-gjort-ytterligare-en-rymdresa-tillsammans-i-norrkoping\/","og_locale":"en_US","og_type":"article","og_title":"Astronauterna har gjort ytterligare en rymdresa tillsammans \u2013 i Norrk\u00f6ping | Visualiseringscenter C","og_description":"Den 18 januari 2024 markerade ett historiskt \u00f6gonblick n\u00e4r rymdfarkosten Axiom Mission 3 sk\u00f6ts upp fr\u00e5n Kennedy Space Center i Florida. Ombord fanns Marcus Wandt, Michael L\u00f3pez-Alegr\u00eda, Walter Villadei och Alper Gezeravc\u0131 p\u00e5 v\u00e4g mot Internationella rymdstationen (ISS). Idag reste bes\u00e4ttningen i st\u00e4llet till Norrk\u00f6pings Visualiseringscenter C, f\u00f6r att dela med sig av sina uppt\u00e4ckter, [&hellip;]","og_url":"https:\/\/visualiseringscenter.se\/pressmeddelanden\/astronauterna-har-gjort-ytterligare-en-rymdresa-tillsammans-i-norrkoping\/","og_site_name":"Visualiseringscenter C","article_published_time":"2024-08-27T13:39:01+00:00","article_modified_time":"2024-08-27T14:32:53+00:00","og_image":[{"width":2560,"height":1441,"url":"https:\/\/visualiseringscenter.se\/wp-content\/uploads\/2024\/08\/Visualiseringscenter_C_Foto_JonasHolmqvist_2-scaled.jpg","type":"image\/jpeg"}],"author":"Amanda L","twitter_card":"summary_large_image","twitter_misc":{"Written by":"Amanda L","Est. reading time":"3 minutes"},"schema":{"@context":"https:\/\/schema.org","@graph":[{"@type":"Article","@id":"https:\/\/visualiseringscenter.se\/pressmeddelanden\/astronauterna-har-gjort-ytterligare-en-rymdresa-tillsammans-i-norrkoping\/#article","isPartOf":{"@id":"https:\/\/visualiseringscenter.se\/pressmeddelanden\/astronauterna-har-gjort-ytterligare-en-rymdresa-tillsammans-i-norrkoping\/"},"author":{"name":"Amanda L","@id":"https:\/\/visualiseringscenter.se\/#\/schema\/person\/db1ac4c362265f570c8e7193d3f39a88"},"headline":"Astronauterna har gjort ytterligare en rymdresa tillsammans \u2013 i Norrk\u00f6ping","datePublished":"2024-08-27T13:39:01+00:00","dateModified":"2024-08-27T14:32:53+00:00","mainEntityOfPage":{"@id":"https:\/\/visualiseringscenter.se\/pressmeddelanden\/astronauterna-har-gjort-ytterligare-en-rymdresa-tillsammans-i-norrkoping\/"},"wordCount":697,"publisher":{"@id":"https:\/\/visualiseringscenter.se\/#organization"},"image":{"@id":"https:\/\/visualiseringscenter.se\/pressmeddelanden\/astronauterna-har-gjort-ytterligare-en-rymdresa-tillsammans-i-norrkoping\/#primaryimage"},"thumbnailUrl":"https:\/\/visualiseringscenter.se\/wp-content\/uploads\/2024\/08\/Visualiseringscenter_C_Foto_JonasHolmqvist_2-scaled.jpg","articleSection":["Pressmeddelande"],"inLanguage":"en-US"},{"@type":"WebPage","@id":"https:\/\/visualiseringscenter.se\/pressmeddelanden\/astronauterna-har-gjort-ytterligare-en-rymdresa-tillsammans-i-norrkoping\/","url":"https:\/\/visualiseringscenter.se\/pressmeddelanden\/astronauterna-har-gjort-ytterligare-en-rymdresa-tillsammans-i-norrkoping\/","name":"Astronauterna har gjort ytterligare en rymdresa tillsammans \u2013 i Norrk\u00f6ping | Visualiseringscenter C","isPartOf":{"@id":"https:\/\/visualiseringscenter.se\/#website"},"primaryImageOfPage":{"@id":"https:\/\/visualiseringscenter.se\/pressmeddelanden\/astronauterna-har-gjort-ytterligare-en-rymdresa-tillsammans-i-norrkoping\/#primaryimage"},"image":{"@id":"https:\/\/visualiseringscenter.se\/pressmeddelanden\/astronauterna-har-gjort-ytterligare-en-rymdresa-tillsammans-i-norrkoping\/#primaryimage"},"thumbnailUrl":"https:\/\/visualiseringscenter.se\/wp-content\/uploads\/2024\/08\/Visualiseringscenter_C_Foto_JonasHolmqvist_2-scaled.jpg","datePublished":"2024-08-27T13:39:01+00:00","dateModified":"2024-08-27T14:32:53+00:00","inLanguage":"en-US","potentialAction":[{"@type":"ReadAction","target":["https:\/\/visualiseringscenter.se\/pressmeddelanden\/astronauterna-har-gjort-ytterligare-en-rymdresa-tillsammans-i-norrkoping\/"]}]},{"@type":"ImageObject","inLanguage":"en-US","@id":"https:\/\/visualiseringscenter.se\/pressmeddelanden\/astronauterna-har-gjort-ytterligare-en-rymdresa-tillsammans-i-norrkoping\/#primaryimage","url":"https:\/\/visualiseringscenter.se\/wp-content\/uploads\/2024\/08\/Visualiseringscenter_C_Foto_JonasHolmqvist_2-scaled.jpg","contentUrl":"https:\/\/visualiseringscenter.se\/wp-content\/uploads\/2024\/08\/Visualiseringscenter_C_Foto_JonasHolmqvist_2-scaled.jpg","width":2560,"height":1441},{"@type":"WebSite","@id":"https:\/\/visualiseringscenter.se\/#website","url":"https:\/\/visualiseringscenter.se\/","name":"Visualiceringscenter C","description":"En m\u00f6tesplats kring visualisering f\u00f6r forskning, n\u00e4ringsliv, allm\u00e4nhet och skola","publisher":{"@id":"https:\/\/visualiseringscenter.se\/#organization"},"potentialAction":[{"@type":"SearchAction","target":{"@type":"EntryPoint","urlTemplate":"https:\/\/visualiseringscenter.se\/?s={search_term_string}"},"query-input":{"@type":"PropertyValueSpecification","valueRequired":true,"valueName":"search_term_string"}}],"inLanguage":"en-US"},{"@type":"Organization","@id":"https:\/\/visualiseringscenter.se\/#organization","name":"Visualiseringscenter C","url":"https:\/\/visualiseringscenter.se\/","logo":{"@type":"ImageObject","inLanguage":"en-US","@id":"https:\/\/visualiseringscenter.se\/#\/schema\/logo\/image\/","url":"https:\/\/visualiseringscenter.se\/wp-content\/uploads\/2024\/03\/logo_small.png","contentUrl":"https:\/\/visualiseringscenter.se\/wp-content\/uploads\/2024\/03\/logo_small.png","width":713,"height":735,"caption":"Visualiseringscenter C"},"image":{"@id":"https:\/\/visualiseringscenter.se\/#\/schema\/logo\/image\/"}},{"@type":"Person","@id":"https:\/\/visualiseringscenter.se\/#\/schema\/person\/db1ac4c362265f570c8e7193d3f39a88","name":"Amanda L","image":{"@type":"ImageObject","inLanguage":"en-US","@id":"https:\/\/visualiseringscenter.se\/#\/schema\/person\/image\/","url":"https:\/\/secure.gravatar.com\/avatar\/c138c175bb6211dc2e8c18ce9af9a23639cc464bebf1efa1292b07a4a86f8df0?s=96&d=mm&r=g","contentUrl":"https:\/\/secure.gravatar.com\/avatar\/c138c175bb6211dc2e8c18ce9af9a23639cc464bebf1efa1292b07a4a86f8df0?s=96&d=mm&r=g","caption":"Amanda L"}}]}},"_links":{"self":[{"href":"https:\/\/visualiseringscenter.se\/en\/wp-json\/wp\/v2\/posts\/7355","targetHints":{"allow":["GET"]}}],"collection":[{"href":"https:\/\/visualiseringscenter.se\/en\/wp-json\/wp\/v2\/posts"}],"about":[{"href":"https:\/\/visualiseringscenter.se\/en\/wp-json\/wp\/v2\/types\/post"}],"author":[{"embeddable":true,"href":"https:\/\/visualiseringscenter.se\/en\/wp-json\/wp\/v2\/users\/4"}],"replies":[{"embeddable":true,"href":"https:\/\/visualiseringscenter.se\/en\/wp-json\/wp\/v2\/comments?post=7355"}],"version-history":[{"count":9,"href":"https:\/\/visualiseringscenter.se\/en\/wp-json\/wp\/v2\/posts\/7355\/revisions"}],"predecessor-version":[{"id":7375,"href":"https:\/\/visualiseringscenter.se\/en\/wp-json\/wp\/v2\/posts\/7355\/revisions\/7375"}],"wp:featuredmedia":[{"embeddable":true,"href":"https:\/\/visualiseringscenter.se\/en\/wp-json\/wp\/v2\/media\/7371"}],"wp:attachment":[{"href":"https:\/\/visualiseringscenter.se\/en\/wp-json\/wp\/v2\/media?parent=7355"}],"wp:term":[{"taxonomy":"category","embeddable":true,"href":"https:\/\/visualiseringscenter.se\/en\/wp-json\/wp\/v2\/categories?post=7355"},{"taxonomy":"post_tag","embeddable":true,"href":"https:\/\/visualiseringscenter.se\/en\/wp-json\/wp\/v2\/tags?post=7355"}],"curies":[{"name":"wp","href":"https:\/\/api.w.org\/{rel}","templated":true}]}}